{"id":10839,"date":"2012-09-25T08:48:54","date_gmt":"2012-09-25T07:48:54","guid":{"rendered":"https:\/\/www.interactive-pioneers.de\/blog\/?p=10839"},"modified":"2012-09-25T08:48:54","modified_gmt":"2012-09-25T07:48:54","slug":"politcamp-angekommen-in-der-politik","status":"publish","type":"post","link":"https:\/\/www.interactive-pioneers.de\/blog\/politcamp-angekommen-in-der-politik\/","title":{"rendered":"Politcamp: Der Vize-Kanzler hat das Geb\u00e4ude verlassen."},"content":{"rendered":"<p><img decoding=\"async\" loading=\"lazy\" class=\"aligncenter\" title=\"Vize-Kanzler R\u00f6sler verl\u00e4sst das Politcamp 2012\" src=\"https:\/\/www.interactive-pioneers.de\/blog\/wp-content\/uploads\/2012\/09\/vizekanzler-left-the-building.jpg\" alt=\"Vize-Kanzler R\u00f6sler verl\u00e4sst das Politcamp 2012\" width=\"420\" height=\"420\" \/><\/p>\n<p><strong>Res\u00fcmierend muss ich feststellen, dass sich das PolitCamp mit der bisherigen Zielsetzung im positiven Sinne selbst \u00fcberlebt hat.<\/strong> Die aus meiner Sicht gesetzten urspr\u00fcnglichen Ziele, n\u00e4mlich das Thema Netzpolitik sowohl in den K\u00f6pfen als auch im Arbeitsalltag der Politiker zu verankern, sind mindestens mit dieser Konferenz erreicht worden. Jetzt muss die Chance genutzt werden, sich und der Bewegung neue Impulse und damit eine neue Zielrichtung zu geben.<\/p>\n<p><!--more--><\/p>\n<p>Das Interesse seitens der Politik ist in dem Ma\u00dfe gewachsen, wie das Interesse der Szene nachgelassen hat. 2010 waren in Berlin noch mehr als 800 Teilnehmer beim PolitCamp, daf\u00fcr vergleichsweise wenig Politprominenz oder Referenten aus den einzelnen Ministerien. Und schon gar kein Landesminister unter den Teilnehmern. 2012 war dies anders. Vielleicht waren nur ein Drittel der Teilnehmer vor Ort als zwei Jahre zuvor, daf\u00fcr die <strong>Justizministerin Leutheuser-Schnarrenberger<\/strong> und der <strong>Bundesdatenschutzbeauftragte Peter Schaar<\/strong> auf der B\u00fchne, der Bildungsminister des Saarlands als Teilnehmer und der <strong>Vize-Kanzler R\u00f6sler<\/strong> auf Stipp-Visite.<\/p>\n<p>Neben Polit-Prominenz waren mit <strong>Elizabeth Linder von Facebook<\/strong> auch die gro\u00dfen Player vertreten, einer zumindest. Sie referierte \u00fcber die Einsatzm\u00f6glichkeiten von Social Media am Beispiel Facebook im US-Wahlkampf. Ein hei\u00dfes Thema in den USA, hierzulande aber noch gr\u00f6\u00dftenteils Zukunftsmusik. Auch hier empfinde ich es als gro\u00dfartig, dass eine deutschsprachige Un-Konferenz Themen wie Politik und Social Media miteinander verkn\u00fcpft und Referenten von Unternehmen wie Facebook anzieht, um ihre Erfahrungen zu teilen und damit einen Ausblick gibt, was wir zumindest f\u00fcr Optionen haben (die ich selber nicht alle zu 100% umgesetzt sehen m\u00f6chte, wir sind ja nicht die USA).<\/p>\n<p>Schade war, dass ich das Thema Bildung so gut wie nicht wahrgenommen habe. Mit zum Beispiel den EduCamps ist das Thema nat\u00fcrlich gut aufgestellt, beim Thema Bildung sehe ich aber eben auch die Politik in der Verantwortung und das Web als fantastische B\u00fchne, die noch zu wenig genutzt wird (leicht off-topic, aber SofaTutor macht da im Bildungsbereich einen guten Job. <a title=\"Gr\u00fcnderszene meldet gerade heute den Abschlu\u00df einer Finazierungsrunde in einstelliger Millionenh\u00f6he\" href=\"http:\/\/www.gruenderszene.de\/news\/sofatutor-acton\" target=\"_blank\">Gr\u00fcnderszene meldet<\/a> gerade heute den Abschlu\u00df einer Finazierungsrunde in einstelliger Millionenh\u00f6he).<\/p>\n<p><img decoding=\"async\" loading=\"lazy\" title=\"Fazit PC12 Hansj\u00f6rg Schmidt\" src=\"https:\/\/www.interactive-pioneers.de\/blog\/wp-content\/uploads\/2012\/09\/Bildschirmfoto-2012-09-24-um-11.39.49.png\" alt=\"Fazit PC12 Hansj\u00f6rg Schmidt\" width=\"424\" height=\"121\" \/><\/p>\n<p>Wer tiefer in die Materie einsteigen will, liest bei Hansj\u00f6rg Schmidt einen l\u00e4ngeren und ausf\u00fchrlicherer <a title=\"Hansj\u00f6rg Schmidt: Fazit zum PolitCamp 2012\" href=\"http:\/\/www.hansjoerg-schmidt.de\/mywp\/2012\/09\/24\/so-war-das-politcamp-2012\/\" target=\"_blank\">Nachbericht zum #pc12<\/a>.<\/p>\n","protected":false},"excerpt":{"rendered":"<p>Res\u00fcmierend muss ich feststellen, dass sich das PolitCamp mit der bisherigen Zielsetzung im positiven Sinne selbst \u00fcberlebt hat. Die aus meiner Sicht gesetzten urspr\u00fcnglichen Ziele, n\u00e4mlich das Thema Netzpolitik sowohl in den K\u00f6pfen als auch im Arbeitsalltag der Politiker zu verankern, sind mindestens mit dieser Konferenz erreicht worden. Jetzt muss die Chance genutzt werden, sich [&hellip;]<\/p>\n","protected":false},"author":40,"featured_media":0,"comment_status":"closed","ping_status":"closed","sticky":false,"template":"","format":"standard","meta":[],"categories":[10,12,18],"tags":[31,358,401,525,665,790,815,859,882,883],"yst_prominent_words":[13016,12511,1646,13017,12530,3880,13014,13012,13013,9569,9566,12047,13015],"acf":[],"_links":{"self":[{"href":"https:\/\/www.interactive-pioneers.de\/blog\/wp-json\/wp\/v2\/posts\/10839"}],"collection":[{"href":"https:\/\/www.interactive-pioneers.de\/blog\/wp-json\/wp\/v2\/posts"}],"about":[{"href":"https:\/\/www.interactive-pioneers.de\/blog\/wp-json\/wp\/v2\/types\/post"}],"author":[{"embeddable":true,"href":"https:\/\/www.interactive-pioneers.de\/blog\/wp-json\/wp\/v2\/users\/40"}],"replies":[{"embeddable":true,"href":"https:\/\/www.interactive-pioneers.de\/blog\/wp-json\/wp\/v2\/comments?post=10839"}],"version-history":[{"count":0,"href":"https:\/\/www.interactive-pioneers.de\/blog\/wp-json\/wp\/v2\/posts\/10839\/revisions"}],"wp:attachment":[{"href":"https:\/\/www.interactive-pioneers.de\/blog\/wp-json\/wp\/v2\/media?parent=10839"}],"wp:term":[{"taxonomy":"category","embeddable":true,"href":"https:\/\/www.interactive-pioneers.de\/blog\/wp-json\/wp\/v2\/categories?post=10839"},{"taxonomy":"post_tag","embeddable":true,"href":"https:\/\/www.interactive-pioneers.de\/blog\/wp-json\/wp\/v2\/tags?post=10839"},{"taxonomy":"yst_prominent_words","embeddable":true,"href":"https:\/\/www.interactive-pioneers.de\/blog\/wp-json\/wp\/v2\/yst_prominent_words?post=10839"}],"curies":[{"name":"wp","href":"https:\/\/api.w.org\/{rel}","templated":true}]}}